{"id":1180,"date":"2018-10-12T09:05:32","date_gmt":"2018-10-12T08:05:32","guid":{"rendered":"https:\/\/voyage-partage.fr\/?p=1180"},"modified":"2018-12-29T23:38:28","modified_gmt":"2018-12-29T22:38:28","slug":"compagnon-de-voyage","status":"publish","type":"post","link":"https:\/\/voyage-partage.fr\/index.php\/2018\/10\/12\/compagnon-de-voyage\/","title":{"rendered":"Compagnon de voyage"},"content":{"rendered":"\n<figure class=\"wp-block-image\"><img loading=\"lazy\" decoding=\"async\" width=\"1616\" height=\"1080\" src=\"https:\/\/voyage-partage.fr\/wp-content\/uploads\/2018\/10\/DSC05032.jpg\" alt=\"\" class=\"wp-image-1182\" srcset=\"https:\/\/voyage-partage.fr\/wp-content\/uploads\/2018\/10\/DSC05032.jpg 1616w, https:\/\/voyage-partage.fr\/wp-content\/uploads\/2018\/10\/DSC05032-300x200.jpg 300w, https:\/\/voyage-partage.fr\/wp-content\/uploads\/2018\/10\/DSC05032-768x513.jpg 768w, https:\/\/voyage-partage.fr\/wp-content\/uploads\/2018\/10\/DSC05032-1024x684.jpg 1024w\" sizes=\"auto, (max-width: 1616px) 100vw, 1616px\" \/><\/figure>\n\n\n\n<p>Je suis heureuse de vous pr\u00e9senter cette petite grenouille qui m&rsquo;a rejointe dans mon aventure ! Elle arrive tout droit du Coll\u00e8ge de Simin Palay \u00e0 Lescar dans les Pyr\u00e9n\u00e9es-Atlantique.<\/p>\n\n\n\n<div class=\"wp-block-image\"><figure class=\"aligncenter\"><img loading=\"lazy\" decoding=\"async\" width=\"261\" height=\"200\" src=\"https:\/\/voyage-partage.fr\/wp-content\/uploads\/2018\/10\/logo-coll\u00e8ge-2016-1.jpg\" alt=\"\" class=\"wp-image-1183\"\/><\/figure><\/div>\n\n\n\n<p> Son p\u00e9riple sera suivi de pr\u00e8s par les \u00e9l\u00e8ves du coll\u00e8ge qui, je l&rsquo;esp\u00e8re auront plein de questions \u00e0 nous poser sur notre voyage. Avec Ga\u00eblle, la documentaliste, nous pr\u00e9voyons des \u00e9changes r\u00e9guliers avec les enfants ! L&rsquo;occasion de parler voyages, cultures diff\u00e9rentes et science aussi ! \u00e7a va \u00eatre chouette.<\/p>\n\n\n\n<p>Pour l&rsquo;instant, la grenouille n&rsquo;a pas encore de nom mais les \u00e9l\u00e8ves ne devraient pas tarder \u00e0 voter \ud83d\ude42 <\/p>\n\n\n\n<p><strong>Par contre, elle a d\u00e9j\u00e0 son propre instagram ! <a href=\"https:\/\/www.instagram.com\/la_grenouille\/\">la_grenouille<\/a> Abonnez-vous ! Et son blog, tenue par Ga\u00eblle,\u00a0<a href=\"https:\/\/blogpeda.ac-bordeaux.fr\/blogducdisiminpalay\/\" target=\"_blank\" rel=\"noreferrer noopener\">ici<\/a>.<\/strong><\/p>\n\n\n\n<figure class=\"wp-block-image\"><img loading=\"lazy\" decoding=\"async\" width=\"1080\" height=\"1616\" src=\"https:\/\/voyage-partage.fr\/wp-content\/uploads\/2018\/10\/DSC05134-1-e1539266652749.jpg\" alt=\"\" class=\"wp-image-1187\" srcset=\"https:\/\/voyage-partage.fr\/wp-content\/uploads\/2018\/10\/DSC05134-1-e1539266652749.jpg 1080w, https:\/\/voyage-partage.fr\/wp-content\/uploads\/2018\/10\/DSC05134-1-e1539266652749-200x300.jpg 200w, https:\/\/voyage-partage.fr\/wp-content\/uploads\/2018\/10\/DSC05134-1-e1539266652749-768x1149.jpg 768w, https:\/\/voyage-partage.fr\/wp-content\/uploads\/2018\/10\/DSC05134-1-e1539266652749-684x1024.jpg 684w\" sizes=\"auto, (max-width: 1080px) 100vw, 1080px\" \/><\/figure>\n\n\n\n<p>Et gr\u00e2ce \u00e0 elle, le projet&nbsp;a&nbsp;son premier article dans la presse !! Vous pouvez le retrouver <a href=\"http:\/\/www.larepubliquedespyrenees.fr\/2018\/09\/06\/lescar-jean-jacques-lasserre-a-simin-palay-il-se-passe-des-choses-dans-nos-colleges,2417343.php\u00a0\">ici<\/a> mais c&rsquo;est sur abonnement. C&rsquo;\u00e9tait lors de la traditionnelle visite du journaliste local lors de la rentr\u00e9e des classes.<\/p>\n<a class=\"synved-social-button synved-social-button-share synved-social-size-24 synved-social-resolution-normal synved-social-provider-facebook nolightbox\" data-provider=\"facebook\" target=\"_blank\" rel=\"nofollow\" title=\"Share on Facebook\" href=\"https:\/\/www.facebook.com\/sharer.php?u=https%3A%2F%2Fvoyage-partage.fr%2Findex.php%2Fwp-json%2Fwp%2Fv2%2Fposts%2F1180&#038;t=Compagnon%20de%20voyage&#038;s=100&#038;p&#091;url&#093;=https%3A%2F%2Fvoyage-partage.fr%2Findex.php%2Fwp-json%2Fwp%2Fv2%2Fposts%2F1180&#038;p&#091;images&#093;&#091;0&#093;=https%3A%2F%2Fvoyage-partage.fr%2Fwp-content%2Fuploads%2F2018%2F10%2FDSC05032.jpg&#038;p&#091;title&#093;=Compagnon%20de%20voyage\" style=\"font-size: 0px;width:24px;height:24px;margin:0;margin-bottom:2px;margin-right:2px\"><img loading=\"lazy\" decoding=\"async\" alt=\"Facebook\" title=\"Share on Facebook\" class=\"synved-share-image synved-social-image synved-social-image-share\" width=\"24\" height=\"24\" style=\"display: inline;width:24px;height:24px;margin: 0;padding: 0;border: none;box-shadow: none\" src=\"https:\/\/voyage-partage.fr\/wp-content\/plugins\/social-media-feather\/synved-social\/image\/social\/regular\/24x24\/facebook.png\" \/><\/a><a class=\"synved-social-button synved-social-button-share synved-social-size-24 synved-social-resolution-normal synved-social-provider-twitter nolightbox\" data-provider=\"twitter\" target=\"_blank\" rel=\"nofollow\" title=\"Share on Twitter\" href=\"https:\/\/twitter.com\/intent\/tweet?url=https%3A%2F%2Fvoyage-partage.fr%2Findex.php%2Fwp-json%2Fwp%2Fv2%2Fposts%2F1180&#038;text=Hey%20check%20this%20out\" style=\"font-size: 0px;width:24px;height:24px;margin:0;margin-bottom:2px;margin-right:2px\"><img loading=\"lazy\" decoding=\"async\" alt=\"twitter\" title=\"Share on Twitter\" class=\"synved-share-image synved-social-image synved-social-image-share\" width=\"24\" height=\"24\" style=\"display: inline;width:24px;height:24px;margin: 0;padding: 0;border: none;box-shadow: none\" src=\"https:\/\/voyage-partage.fr\/wp-content\/plugins\/social-media-feather\/synved-social\/image\/social\/regular\/24x24\/twitter.png\" \/><\/a><a class=\"synved-social-button synved-social-button-share synved-social-size-24 synved-social-resolution-normal synved-social-provider-reddit nolightbox\" data-provider=\"reddit\" target=\"_blank\" rel=\"nofollow\" title=\"Share on Reddit\" href=\"https:\/\/www.reddit.com\/submit?url=https%3A%2F%2Fvoyage-partage.fr%2Findex.php%2Fwp-json%2Fwp%2Fv2%2Fposts%2F1180&#038;title=Compagnon%20de%20voyage\" style=\"font-size: 0px;width:24px;height:24px;margin:0;margin-bottom:2px;margin-right:2px\"><img loading=\"lazy\" decoding=\"async\" alt=\"reddit\" title=\"Share on Reddit\" class=\"synved-share-image synved-social-image synved-social-image-share\" width=\"24\" height=\"24\" style=\"display: inline;width:24px;height:24px;margin: 0;padding: 0;border: none;box-shadow: none\" src=\"https:\/\/voyage-partage.fr\/wp-content\/plugins\/social-media-feather\/synved-social\/image\/social\/regular\/24x24\/reddit.png\" \/><\/a><a class=\"synved-social-button synved-social-button-share synved-social-size-24 synved-social-resolution-normal synved-social-provider-linkedin nolightbox\" data-provider=\"linkedin\" target=\"_blank\" rel=\"nofollow\" title=\"Share on Linkedin\" href=\"https:\/\/www.linkedin.com\/shareArticle?mini=true&#038;url=https%3A%2F%2Fvoyage-partage.fr%2Findex.php%2Fwp-json%2Fwp%2Fv2%2Fposts%2F1180&#038;title=Compagnon%20de%20voyage\" style=\"font-size: 0px;width:24px;height:24px;margin:0;margin-bottom:2px;margin-right:2px\"><img loading=\"lazy\" decoding=\"async\" alt=\"linkedin\" title=\"Share on Linkedin\" class=\"synved-share-image synved-social-image synved-social-image-share\" width=\"24\" height=\"24\" style=\"display: inline;width:24px;height:24px;margin: 0;padding: 0;border: none;box-shadow: none\" src=\"https:\/\/voyage-partage.fr\/wp-content\/plugins\/social-media-feather\/synved-social\/image\/social\/regular\/24x24\/linkedin.png\" \/><\/a><a class=\"synved-social-button synved-social-button-share synved-social-size-24 synved-social-resolution-normal synved-social-provider-tumblr nolightbox\" data-provider=\"tumblr\" target=\"_blank\" rel=\"nofollow\" title=\"Share on tumblr\" href=\"https:\/\/tumblr.com\/share?s=&#038;v=3&#038;t=Compagnon%20de%20voyage&#038;u=https%3A%2F%2Fvoyage-partage.fr%2Findex.php%2Fwp-json%2Fwp%2Fv2%2Fposts%2F1180\" style=\"font-size: 0px;width:24px;height:24px;margin:0;margin-bottom:2px;margin-right:2px\"><img loading=\"lazy\" decoding=\"async\" alt=\"tumblr\" title=\"Share on tumblr\" class=\"synved-share-image synved-social-image synved-social-image-share\" width=\"24\" height=\"24\" style=\"display: inline;width:24px;height:24px;margin: 0;padding: 0;border: none;box-shadow: none\" src=\"https:\/\/voyage-partage.fr\/wp-content\/plugins\/social-media-feather\/synved-social\/image\/social\/regular\/24x24\/tumblr.png\" \/><\/a><a class=\"synved-social-button synved-social-button-share synved-social-size-24 synved-social-resolution-normal synved-social-provider-mail nolightbox\" data-provider=\"mail\" rel=\"nofollow\" title=\"Share by email\" href=\"mailto:?subject=Compagnon%20de%20voyage&#038;body=Hey%20check%20this%20out:%20https%3A%2F%2Fvoyage-partage.fr%2Findex.php%2Fwp-json%2Fwp%2Fv2%2Fposts%2F1180\" style=\"font-size: 0px;width:24px;height:24px;margin:0;margin-bottom:2px\"><img loading=\"lazy\" decoding=\"async\" alt=\"mail\" title=\"Share by email\" class=\"synved-share-image synved-social-image synved-social-image-share\" width=\"24\" height=\"24\" style=\"display: inline;width:24px;height:24px;margin: 0;padding: 0;border: none;box-shadow: none\" src=\"https:\/\/voyage-partage.fr\/wp-content\/plugins\/social-media-feather\/synved-social\/image\/social\/regular\/24x24\/mail.png\" \/><\/a><a class=\"synved-social-button synved-social-button-share synved-social-size-24 synved-social-resolution-hidef synved-social-provider-facebook nolightbox\" data-provider=\"facebook\" target=\"_blank\" rel=\"nofollow\" title=\"Share on Facebook\" href=\"https:\/\/www.facebook.com\/sharer.php?u=https%3A%2F%2Fvoyage-partage.fr%2Findex.php%2Fwp-json%2Fwp%2Fv2%2Fposts%2F1180&#038;t=Compagnon%20de%20voyage&#038;s=100&#038;p&#091;url&#093;=https%3A%2F%2Fvoyage-partage.fr%2Findex.php%2Fwp-json%2Fwp%2Fv2%2Fposts%2F1180&#038;p&#091;images&#093;&#091;0&#093;=https%3A%2F%2Fvoyage-partage.fr%2Fwp-content%2Fuploads%2F2018%2F10%2FDSC05032.jpg&#038;p&#091;title&#093;=Compagnon%20de%20voyage\" style=\"font-size: 0px;width:24px;height:24px;margin:0;margin-bottom:2px;margin-right:2px\"><img loading=\"lazy\" decoding=\"async\" alt=\"Facebook\" title=\"Share on Facebook\" class=\"synved-share-image synved-social-image synved-social-image-share\" width=\"24\" height=\"24\" style=\"display: inline;width:24px;height:24px;margin: 0;padding: 0;border: none;box-shadow: none\" src=\"https:\/\/voyage-partage.fr\/wp-content\/plugins\/social-media-feather\/synved-social\/image\/social\/regular\/48x48\/facebook.png\" \/><\/a><a class=\"synved-social-button synved-social-button-share synved-social-size-24 synved-social-resolution-hidef synved-social-provider-twitter nolightbox\" data-provider=\"twitter\" target=\"_blank\" rel=\"nofollow\" title=\"Share on Twitter\" href=\"https:\/\/twitter.com\/intent\/tweet?url=https%3A%2F%2Fvoyage-partage.fr%2Findex.php%2Fwp-json%2Fwp%2Fv2%2Fposts%2F1180&#038;text=Hey%20check%20this%20out\" style=\"font-size: 0px;width:24px;height:24px;margin:0;margin-bottom:2px;margin-right:2px\"><img loading=\"lazy\" decoding=\"async\" alt=\"twitter\" title=\"Share on Twitter\" class=\"synved-share-image synved-social-image synved-social-image-share\" width=\"24\" height=\"24\" style=\"display: inline;width:24px;height:24px;margin: 0;padding: 0;border: none;box-shadow: none\" src=\"https:\/\/voyage-partage.fr\/wp-content\/plugins\/social-media-feather\/synved-social\/image\/social\/regular\/48x48\/twitter.png\" \/><\/a><a class=\"synved-social-button synved-social-button-share synved-social-size-24 synved-social-resolution-hidef synved-social-provider-reddit nolightbox\" data-provider=\"reddit\" target=\"_blank\" rel=\"nofollow\" title=\"Share on Reddit\" href=\"https:\/\/www.reddit.com\/submit?url=https%3A%2F%2Fvoyage-partage.fr%2Findex.php%2Fwp-json%2Fwp%2Fv2%2Fposts%2F1180&#038;title=Compagnon%20de%20voyage\" style=\"font-size: 0px;width:24px;height:24px;margin:0;margin-bottom:2px;margin-right:2px\"><img loading=\"lazy\" decoding=\"async\" alt=\"reddit\" title=\"Share on Reddit\" class=\"synved-share-image synved-social-image synved-social-image-share\" width=\"24\" height=\"24\" style=\"display: inline;width:24px;height:24px;margin: 0;padding: 0;border: none;box-shadow: none\" src=\"https:\/\/voyage-partage.fr\/wp-content\/plugins\/social-media-feather\/synved-social\/image\/social\/regular\/48x48\/reddit.png\" \/><\/a><a class=\"synved-social-button synved-social-button-share synved-social-size-24 synved-social-resolution-hidef synved-social-provider-linkedin nolightbox\" data-provider=\"linkedin\" target=\"_blank\" rel=\"nofollow\" title=\"Share on Linkedin\" href=\"https:\/\/www.linkedin.com\/shareArticle?mini=true&#038;url=https%3A%2F%2Fvoyage-partage.fr%2Findex.php%2Fwp-json%2Fwp%2Fv2%2Fposts%2F1180&#038;title=Compagnon%20de%20voyage\" style=\"font-size: 0px;width:24px;height:24px;margin:0;margin-bottom:2px;margin-right:2px\"><img loading=\"lazy\" decoding=\"async\" alt=\"linkedin\" title=\"Share on Linkedin\" class=\"synved-share-image synved-social-image synved-social-image-share\" width=\"24\" height=\"24\" style=\"display: inline;width:24px;height:24px;margin: 0;padding: 0;border: none;box-shadow: none\" src=\"https:\/\/voyage-partage.fr\/wp-content\/plugins\/social-media-feather\/synved-social\/image\/social\/regular\/48x48\/linkedin.png\" \/><\/a><a class=\"synved-social-button synved-social-button-share synved-social-size-24 synved-social-resolution-hidef synved-social-provider-tumblr nolightbox\" data-provider=\"tumblr\" target=\"_blank\" rel=\"nofollow\" title=\"Share on tumblr\" href=\"https:\/\/tumblr.com\/share?s=&#038;v=3&#038;t=Compagnon%20de%20voyage&#038;u=https%3A%2F%2Fvoyage-partage.fr%2Findex.php%2Fwp-json%2Fwp%2Fv2%2Fposts%2F1180\" style=\"font-size: 0px;width:24px;height:24px;margin:0;margin-bottom:2px;margin-right:2px\"><img loading=\"lazy\" decoding=\"async\" alt=\"tumblr\" title=\"Share on tumblr\" class=\"synved-share-image synved-social-image synved-social-image-share\" width=\"24\" height=\"24\" style=\"display: inline;width:24px;height:24px;margin: 0;padding: 0;border: none;box-shadow: none\" src=\"https:\/\/voyage-partage.fr\/wp-content\/plugins\/social-media-feather\/synved-social\/image\/social\/regular\/48x48\/tumblr.png\" \/><\/a><a class=\"synved-social-button synved-social-button-share synved-social-size-24 synved-social-resolution-hidef synved-social-provider-mail nolightbox\" data-provider=\"mail\" rel=\"nofollow\" title=\"Share by email\" href=\"mailto:?subject=Compagnon%20de%20voyage&#038;body=Hey%20check%20this%20out:%20https%3A%2F%2Fvoyage-partage.fr%2Findex.php%2Fwp-json%2Fwp%2Fv2%2Fposts%2F1180\" style=\"font-size: 0px;width:24px;height:24px;margin:0;margin-bottom:2px\"><img loading=\"lazy\" decoding=\"async\" alt=\"mail\" title=\"Share by email\" class=\"synved-share-image synved-social-image synved-social-image-share\" width=\"24\" height=\"24\" style=\"display: inline;width:24px;height:24px;margin: 0;padding: 0;border: none;box-shadow: none\" src=\"https:\/\/voyage-partage.fr\/wp-content\/plugins\/social-media-feather\/synved-social\/image\/social\/regular\/48x48\/mail.png\" \/><\/a>","protected":false},"excerpt":{"rendered":"<p>Je suis heureuse de vous pr\u00e9senter cette petite grenouille qui m&rsquo;a rejointe dans mon aventure ! Elle arrive tout droit du Coll\u00e8ge de Simin Palay \u00e0 Lescar dans les Pyr\u00e9n\u00e9es-Atlantique. Son p\u00e9riple sera suivi de pr\u00e8s par les \u00e9l\u00e8ves du coll\u00e8ge qui, je l&rsquo;esp\u00e8re auront plein de questions \u00e0 nous poser sur notre voyage. Avec [&hellip;]<\/p>\n","protected":false},"author":1,"featured_media":0,"comment_status":"open","ping_status":"open","sticky":false,"template":"","format":"standard","meta":{"sfsi_plus_gutenberg_text_before_share":"","sfsi_plus_gutenberg_show_text_before_share":"","sfsi_plus_gutenberg_icon_type":"","sfsi_plus_gutenberg_icon_alignemt":"","sfsi_plus_gutenburg_max_per_row":"","_exactmetrics_skip_tracking":false,"_exactmetrics_sitenote_active":false,"_exactmetrics_sitenote_note":"","_exactmetrics_sitenote_category":0,"footnotes":""},"categories":[259,8],"tags":[],"class_list":["post-1180","post","type-post","status-publish","format-standard","hentry","category-carnet-de-route","category-pendant-le-voyage"],"post_mailing_queue_ids":[],"_links":{"self":[{"href":"https:\/\/voyage-partage.fr\/index.php\/wp-json\/wp\/v2\/posts\/1180","targetHints":{"allow":["GET"]}}],"collection":[{"href":"https:\/\/voyage-partage.fr\/index.php\/wp-json\/wp\/v2\/posts"}],"about":[{"href":"https:\/\/voyage-partage.fr\/index.php\/wp-json\/wp\/v2\/types\/post"}],"author":[{"embeddable":true,"href":"https:\/\/voyage-partage.fr\/index.php\/wp-json\/wp\/v2\/users\/1"}],"replies":[{"embeddable":true,"href":"https:\/\/voyage-partage.fr\/index.php\/wp-json\/wp\/v2\/comments?post=1180"}],"version-history":[{"count":3,"href":"https:\/\/voyage-partage.fr\/index.php\/wp-json\/wp\/v2\/posts\/1180\/revisions"}],"predecessor-version":[{"id":1537,"href":"https:\/\/voyage-partage.fr\/index.php\/wp-json\/wp\/v2\/posts\/1180\/revisions\/1537"}],"wp:attachment":[{"href":"https:\/\/voyage-partage.fr\/index.php\/wp-json\/wp\/v2\/media?parent=1180"}],"wp:term":[{"taxonomy":"category","embeddable":true,"href":"https:\/\/voyage-partage.fr\/index.php\/wp-json\/wp\/v2\/categories?post=1180"},{"taxonomy":"post_tag","embeddable":true,"href":"https:\/\/voyage-partage.fr\/index.php\/wp-json\/wp\/v2\/tags?post=1180"}],"curies":[{"name":"wp","href":"https:\/\/api.w.org\/{rel}","templated":true}]}}