{"id":1262,"date":"2018-10-26T18:58:34","date_gmt":"2018-10-26T17:58:34","guid":{"rendered":"https:\/\/voyage-partage.fr\/?p=1262"},"modified":"2018-11-06T21:41:25","modified_gmt":"2018-11-06T20:41:25","slug":"je-croule-sous-le-travail","status":"publish","type":"post","link":"https:\/\/voyage-partage.fr\/index.php\/2018\/10\/26\/je-croule-sous-le-travail\/","title":{"rendered":"Je cro\u00fble sous le travail"},"content":{"rendered":"\n<p class=\"has-regular-font-size\">Un petit point rapide sur l&rsquo;avanc\u00e9e du projet d&rsquo;expo. J&rsquo;essaye de vous donner des nouvelles tous les mercredis (oui on est vendredi, j&rsquo;ai dit j&rsquo;essaye&#8230;), une semaine sur deux. Mais j&rsquo;ai tellement de choses \u00e0 faire en m\u00eame temps que ce n&rsquo;est pas \u00e9vident.<\/p>\n\n\n\n<figure class=\"wp-block-image\"><a href=\"http:\/\/www.silucartoon.com\/p\/the-artist.html\"><img loading=\"lazy\" decoding=\"async\" width=\"1161\" height=\"600\" src=\"https:\/\/voyage-partage.fr\/wp-content\/uploads\/2018\/10\/TOO-MUCH-WORK-NOTHING-TO-DO-600.png\" alt=\"\" class=\"wp-image-1264\" srcset=\"https:\/\/voyage-partage.fr\/wp-content\/uploads\/2018\/10\/TOO-MUCH-WORK-NOTHING-TO-DO-600.png 1161w, https:\/\/voyage-partage.fr\/wp-content\/uploads\/2018\/10\/TOO-MUCH-WORK-NOTHING-TO-DO-600-300x155.png 300w, https:\/\/voyage-partage.fr\/wp-content\/uploads\/2018\/10\/TOO-MUCH-WORK-NOTHING-TO-DO-600-768x397.png 768w, https:\/\/voyage-partage.fr\/wp-content\/uploads\/2018\/10\/TOO-MUCH-WORK-NOTHING-TO-DO-600-1024x529.png 1024w\" sizes=\"auto, (max-width: 1161px) 100vw, 1161px\" \/><\/a><figcaption>Cliquez sur l&rsquo;image pour allez sur la page de l&rsquo;artiste<br><br><\/figcaption><\/figure>\n\n\n\n<p class=\"has-regular-font-size\">En fait, je n&rsquo;ai pas grand chose \u00e0 vous raconter. Vous savez que le travail sur l&rsquo;expo a commenc\u00e9 avec l&rsquo;universit\u00e9 de Zewail. Mercredi 17 octobre, j&rsquo;ai ainsi pu interviewer le Professeur Salah, pour qu&rsquo;il nous explique un peu ce qu&rsquo;est la nanophotonique et je suis en train de monter la vid\u00e9o. Mais \u00e7a prend du temps. D&rsquo;abord parce que mon ordi est lent, parce que je suis lente et parce qu&rsquo;il y a plein de d\u00e9tails \u00e0 r\u00e9gler avant de sortir la vid\u00e9o, du type qu&rsquo;est ce que je mets comme titre, est-ce que la vid\u00e9o va faire partie d&rsquo;une s\u00e9rie de vid\u00e9os etc&#8230; Et je ne parle m\u00eame pas du temps de validation par l&rsquo;univ. Je n&rsquo;ai pas encore commenc\u00e9 \u00e0 travailler avec les chercheurs eux-m\u00eame, le dernier rendez-vous a \u00e9t\u00e9 report\u00e9 parce qu&rsquo;ils n&rsquo;\u00e9taient pas dispos&#8230; Bref, il faut le temps que les choses se mettent en place. La semaine prochaine, je vais deux jours \u00e0 l&rsquo;universit\u00e9 pour rattraper le dernier rdv.&nbsp;<\/p>\n\n\n\n<p class=\"has-regular-font-size\">Ce sera l&rsquo;occasion de pr\u00e9senter le projet aux chercheurs et de voir avec eux ce qu&rsquo;ils ont envie de r\u00e9aliser, de partager avec le public. On planifiera le travail ensemble et surtout on d\u00e9cidera de qui fait quoi. Jeudi, je commencerai \u00e0 interviewer les chercheurs pour faire leur portrait. Enfin, \u00e7a c&rsquo;est ce qui est pr\u00e9vu.&nbsp;<\/p>\n\n\n\n<p class=\"has-regular-font-size\">En parall\u00e8le, je discute avec l&rsquo;Institut fran\u00e7ais de la possibilit\u00e9 d&rsquo;exposer dans leurs locaux. Ce serait vraiment chouette. Et \u00e7a serait m\u00eame incroyable si je pouvais \u00eatre en contact avec tous les instituts fran\u00e7ais dans les pays o\u00f9 je passe. Mais bon pour l&rsquo;instant on a discut\u00e9 de plein d&rsquo;options possibles et on est encore en phase de validation du projet par la direction. On va voir.<\/p>\n\n\n\n<p class=\"has-regular-font-size\">J&rsquo;ai juste du mal \u00e0 avancer parce que jusqu&rsquo;ici j&rsquo;ai finalement eu assez peu de temps pour travailler. Entre la semaine avec ma maman, les articles \u00e0 \u00e9crire pour le site, la recherche de logement, le prolongement du visa et surtout, simplement, le temps que je passe ici avec mes nouveaux amis, il ne me reste que quelques heures chaque jour pour avancer sur le projet.<\/p>\n\n\n\n<p class=\"has-regular-font-size\">C&rsquo;est-\u00e0-dire entre autre, faire des r\u00e9capitulatifs des r\u00e9unions que j&rsquo;ai eu avec l&rsquo;universit\u00e9 et l&rsquo;institut fran\u00e7ais, \u00e9crire des articles pour vous donner des nouvelles, pr\u00e9parer le planning de travail&#8230; <\/p>\n\n\n\n<div class=\"wp-block-image\"><figure class=\"aligncenter\"><img loading=\"lazy\" decoding=\"async\" width=\"680\" height=\"400\" src=\"https:\/\/voyage-partage.fr\/wp-content\/uploads\/2018\/10\/CostlyEssentialChanticleer-size_restricted.gif\" alt=\"\" class=\"wp-image-1263\"\/><\/figure><\/div>\n\n\n\n<p class=\"has-regular-font-size\">Mais il y a plein de choses urgentes que je n&rsquo;ai pas encore eu le temps de d\u00e9buter. Entre autres : traduire le site en anglais, chercher des partenaires suppl\u00e9mentaires, et surtout commencer \u00e0 communiquer sur mon projet. Parce que bon je suis tr\u00e8s contente que ma famille, mes amis aient des nouvelles de l&rsquo;expo mais le but \u00e7a reste quand m\u00eame d&rsquo;informer le public occidental de ce qui se passe au niveau science ici en Afrique&#8230;&nbsp;<\/p>\n\n\n\n<p class=\"has-regular-font-size\">La bonne nouvelle c&rsquo;est que maintenant j&rsquo;ai une chambre dans une coloc, donc la question du logement est r\u00e9gl\u00e9e. Et puis j&rsquo;ai obtenu l&rsquo;extension de mon visa jusqu&rsquo;\u00e0 fin janvier. Donc si j&rsquo;ai besoin de plus de temps pour sortir ma premi\u00e8re expo, je le prendrais \ud83d\ude42<\/p>\n\n\n\n<p class=\"has-regular-font-size\">Voil\u00e0 prochaines nouvelles du projet dans deux semaines si tout se passe bien !<\/p>\n<a class=\"synved-social-button synved-social-button-share synved-social-size-24 synved-social-resolution-normal synved-social-provider-facebook nolightbox\" data-provider=\"facebook\" target=\"_blank\" rel=\"nofollow\" title=\"Share on Facebook\" href=\"https:\/\/www.facebook.com\/sharer.php?u=https%3A%2F%2Fvoyage-partage.fr%2Findex.php%2Fwp-json%2Fwp%2Fv2%2Fposts%2F1262&#038;t=Je%20cro%C3%BBle%20sous%20le%20travail&#038;s=100&#038;p&#091;url&#093;=https%3A%2F%2Fvoyage-partage.fr%2Findex.php%2Fwp-json%2Fwp%2Fv2%2Fposts%2F1262&#038;p&#091;images&#093;&#091;0&#093;=https%3A%2F%2Fvoyage-partage.fr%2Fwp-content%2Fuploads%2F2018%2F10%2Ftoo-much-work.jpg&#038;p&#091;title&#093;=Je%20cro%C3%BBle%20sous%20le%20travail\" style=\"font-size: 0px;width:24px;height:24px;margin:0;margin-bottom:2px;margin-right:2px\"><img loading=\"lazy\" decoding=\"async\" alt=\"Facebook\" title=\"Share on Facebook\" class=\"synved-share-image synved-social-image synved-social-image-share\" width=\"24\" height=\"24\" style=\"display: inline;width:24px;height:24px;margin: 0;padding: 0;border: none;box-shadow: none\" src=\"https:\/\/voyage-partage.fr\/wp-content\/plugins\/social-media-feather\/synved-social\/image\/social\/regular\/24x24\/facebook.png\" \/><\/a><a class=\"synved-social-button synved-social-button-share synved-social-size-24 synved-social-resolution-normal synved-social-provider-twitter nolightbox\" data-provider=\"twitter\" target=\"_blank\" rel=\"nofollow\" title=\"Share on Twitter\" href=\"https:\/\/twitter.com\/intent\/tweet?url=https%3A%2F%2Fvoyage-partage.fr%2Findex.php%2Fwp-json%2Fwp%2Fv2%2Fposts%2F1262&#038;text=Hey%20check%20this%20out\" style=\"font-size: 0px;width:24px;height:24px;margin:0;margin-bottom:2px;margin-right:2px\"><img loading=\"lazy\" decoding=\"async\" alt=\"twitter\" title=\"Share on Twitter\" class=\"synved-share-image synved-social-image synved-social-image-share\" width=\"24\" height=\"24\" style=\"display: inline;width:24px;height:24px;margin: 0;padding: 0;border: none;box-shadow: none\" src=\"https:\/\/voyage-partage.fr\/wp-content\/plugins\/social-media-feather\/synved-social\/image\/social\/regular\/24x24\/twitter.png\" \/><\/a><a class=\"synved-social-button synved-social-button-share synved-social-size-24 synved-social-resolution-normal synved-social-provider-reddit nolightbox\" data-provider=\"reddit\" target=\"_blank\" rel=\"nofollow\" title=\"Share on Reddit\" href=\"https:\/\/www.reddit.com\/submit?url=https%3A%2F%2Fvoyage-partage.fr%2Findex.php%2Fwp-json%2Fwp%2Fv2%2Fposts%2F1262&#038;title=Je%20cro%C3%BBle%20sous%20le%20travail\" style=\"font-size: 0px;width:24px;height:24px;margin:0;margin-bottom:2px;margin-right:2px\"><img loading=\"lazy\" decoding=\"async\" alt=\"reddit\" title=\"Share on Reddit\" class=\"synved-share-image synved-social-image synved-social-image-share\" width=\"24\" height=\"24\" style=\"display: inline;width:24px;height:24px;margin: 0;padding: 0;border: none;box-shadow: none\" src=\"https:\/\/voyage-partage.fr\/wp-content\/plugins\/social-media-feather\/synved-social\/image\/social\/regular\/24x24\/reddit.png\" \/><\/a><a class=\"synved-social-button synved-social-button-share synved-social-size-24 synved-social-resolution-normal synved-social-provider-linkedin nolightbox\" data-provider=\"linkedin\" target=\"_blank\" rel=\"nofollow\" title=\"Share on Linkedin\" href=\"https:\/\/www.linkedin.com\/shareArticle?mini=true&#038;url=https%3A%2F%2Fvoyage-partage.fr%2Findex.php%2Fwp-json%2Fwp%2Fv2%2Fposts%2F1262&#038;title=Je%20cro%C3%BBle%20sous%20le%20travail\" style=\"font-size: 0px;width:24px;height:24px;margin:0;margin-bottom:2px;margin-right:2px\"><img loading=\"lazy\" decoding=\"async\" alt=\"linkedin\" title=\"Share on Linkedin\" class=\"synved-share-image synved-social-image synved-social-image-share\" width=\"24\" height=\"24\" style=\"display: inline;width:24px;height:24px;margin: 0;padding: 0;border: none;box-shadow: none\" src=\"https:\/\/voyage-partage.fr\/wp-content\/plugins\/social-media-feather\/synved-social\/image\/social\/regular\/24x24\/linkedin.png\" \/><\/a><a class=\"synved-social-button synved-social-button-share synved-social-size-24 synved-social-resolution-normal synved-social-provider-tumblr nolightbox\" data-provider=\"tumblr\" target=\"_blank\" rel=\"nofollow\" title=\"Share on tumblr\" href=\"https:\/\/tumblr.com\/share?s=&#038;v=3&#038;t=Je%20cro%C3%BBle%20sous%20le%20travail&#038;u=https%3A%2F%2Fvoyage-partage.fr%2Findex.php%2Fwp-json%2Fwp%2Fv2%2Fposts%2F1262\" style=\"font-size: 0px;width:24px;height:24px;margin:0;margin-bottom:2px;margin-right:2px\"><img loading=\"lazy\" decoding=\"async\" alt=\"tumblr\" title=\"Share on tumblr\" class=\"synved-share-image synved-social-image synved-social-image-share\" width=\"24\" height=\"24\" style=\"display: inline;width:24px;height:24px;margin: 0;padding: 0;border: none;box-shadow: none\" src=\"https:\/\/voyage-partage.fr\/wp-content\/plugins\/social-media-feather\/synved-social\/image\/social\/regular\/24x24\/tumblr.png\" \/><\/a><a class=\"synved-social-button synved-social-button-share synved-social-size-24 synved-social-resolution-normal synved-social-provider-mail nolightbox\" data-provider=\"mail\" rel=\"nofollow\" title=\"Share by email\" href=\"mailto:?subject=Je%20cro%C3%BBle%20sous%20le%20travail&#038;body=Hey%20check%20this%20out:%20https%3A%2F%2Fvoyage-partage.fr%2Findex.php%2Fwp-json%2Fwp%2Fv2%2Fposts%2F1262\" style=\"font-size: 0px;width:24px;height:24px;margin:0;margin-bottom:2px\"><img loading=\"lazy\" decoding=\"async\" alt=\"mail\" title=\"Share by email\" class=\"synved-share-image synved-social-image synved-social-image-share\" width=\"24\" height=\"24\" style=\"display: inline;width:24px;height:24px;margin: 0;padding: 0;border: none;box-shadow: none\" src=\"https:\/\/voyage-partage.fr\/wp-content\/plugins\/social-media-feather\/synved-social\/image\/social\/regular\/24x24\/mail.png\" \/><\/a><a class=\"synved-social-button synved-social-button-share synved-social-size-24 synved-social-resolution-hidef synved-social-provider-facebook nolightbox\" data-provider=\"facebook\" target=\"_blank\" rel=\"nofollow\" title=\"Share on Facebook\" href=\"https:\/\/www.facebook.com\/sharer.php?u=https%3A%2F%2Fvoyage-partage.fr%2Findex.php%2Fwp-json%2Fwp%2Fv2%2Fposts%2F1262&#038;t=Je%20cro%C3%BBle%20sous%20le%20travail&#038;s=100&#038;p&#091;url&#093;=https%3A%2F%2Fvoyage-partage.fr%2Findex.php%2Fwp-json%2Fwp%2Fv2%2Fposts%2F1262&#038;p&#091;images&#093;&#091;0&#093;=https%3A%2F%2Fvoyage-partage.fr%2Fwp-content%2Fuploads%2F2018%2F10%2Ftoo-much-work.jpg&#038;p&#091;title&#093;=Je%20cro%C3%BBle%20sous%20le%20travail\" style=\"font-size: 0px;width:24px;height:24px;margin:0;margin-bottom:2px;margin-right:2px\"><img loading=\"lazy\" decoding=\"async\" alt=\"Facebook\" title=\"Share on Facebook\" class=\"synved-share-image synved-social-image synved-social-image-share\" width=\"24\" height=\"24\" style=\"display: inline;width:24px;height:24px;margin: 0;padding: 0;border: none;box-shadow: none\" src=\"https:\/\/voyage-partage.fr\/wp-content\/plugins\/social-media-feather\/synved-social\/image\/social\/regular\/48x48\/facebook.png\" \/><\/a><a class=\"synved-social-button synved-social-button-share synved-social-size-24 synved-social-resolution-hidef synved-social-provider-twitter nolightbox\" data-provider=\"twitter\" target=\"_blank\" rel=\"nofollow\" title=\"Share on Twitter\" href=\"https:\/\/twitter.com\/intent\/tweet?url=https%3A%2F%2Fvoyage-partage.fr%2Findex.php%2Fwp-json%2Fwp%2Fv2%2Fposts%2F1262&#038;text=Hey%20check%20this%20out\" style=\"font-size: 0px;width:24px;height:24px;margin:0;margin-bottom:2px;margin-right:2px\"><img loading=\"lazy\" decoding=\"async\" alt=\"twitter\" title=\"Share on Twitter\" class=\"synved-share-image synved-social-image synved-social-image-share\" width=\"24\" height=\"24\" style=\"display: inline;width:24px;height:24px;margin: 0;padding: 0;border: none;box-shadow: none\" src=\"https:\/\/voyage-partage.fr\/wp-content\/plugins\/social-media-feather\/synved-social\/image\/social\/regular\/48x48\/twitter.png\" \/><\/a><a class=\"synved-social-button synved-social-button-share synved-social-size-24 synved-social-resolution-hidef synved-social-provider-reddit nolightbox\" data-provider=\"reddit\" target=\"_blank\" rel=\"nofollow\" title=\"Share on Reddit\" href=\"https:\/\/www.reddit.com\/submit?url=https%3A%2F%2Fvoyage-partage.fr%2Findex.php%2Fwp-json%2Fwp%2Fv2%2Fposts%2F1262&#038;title=Je%20cro%C3%BBle%20sous%20le%20travail\" style=\"font-size: 0px;width:24px;height:24px;margin:0;margin-bottom:2px;margin-right:2px\"><img loading=\"lazy\" decoding=\"async\" alt=\"reddit\" title=\"Share on Reddit\" class=\"synved-share-image synved-social-image synved-social-image-share\" width=\"24\" height=\"24\" style=\"display: inline;width:24px;height:24px;margin: 0;padding: 0;border: none;box-shadow: none\" src=\"https:\/\/voyage-partage.fr\/wp-content\/plugins\/social-media-feather\/synved-social\/image\/social\/regular\/48x48\/reddit.png\" \/><\/a><a class=\"synved-social-button synved-social-button-share synved-social-size-24 synved-social-resolution-hidef synved-social-provider-linkedin nolightbox\" data-provider=\"linkedin\" target=\"_blank\" rel=\"nofollow\" title=\"Share on Linkedin\" href=\"https:\/\/www.linkedin.com\/shareArticle?mini=true&#038;url=https%3A%2F%2Fvoyage-partage.fr%2Findex.php%2Fwp-json%2Fwp%2Fv2%2Fposts%2F1262&#038;title=Je%20cro%C3%BBle%20sous%20le%20travail\" style=\"font-size: 0px;width:24px;height:24px;margin:0;margin-bottom:2px;margin-right:2px\"><img loading=\"lazy\" decoding=\"async\" alt=\"linkedin\" title=\"Share on Linkedin\" class=\"synved-share-image synved-social-image synved-social-image-share\" width=\"24\" height=\"24\" style=\"display: inline;width:24px;height:24px;margin: 0;padding: 0;border: none;box-shadow: none\" src=\"https:\/\/voyage-partage.fr\/wp-content\/plugins\/social-media-feather\/synved-social\/image\/social\/regular\/48x48\/linkedin.png\" \/><\/a><a class=\"synved-social-button synved-social-button-share synved-social-size-24 synved-social-resolution-hidef synved-social-provider-tumblr nolightbox\" data-provider=\"tumblr\" target=\"_blank\" rel=\"nofollow\" title=\"Share on tumblr\" href=\"https:\/\/tumblr.com\/share?s=&#038;v=3&#038;t=Je%20cro%C3%BBle%20sous%20le%20travail&#038;u=https%3A%2F%2Fvoyage-partage.fr%2Findex.php%2Fwp-json%2Fwp%2Fv2%2Fposts%2F1262\" style=\"font-size: 0px;width:24px;height:24px;margin:0;margin-bottom:2px;margin-right:2px\"><img loading=\"lazy\" decoding=\"async\" alt=\"tumblr\" title=\"Share on tumblr\" class=\"synved-share-image synved-social-image synved-social-image-share\" width=\"24\" height=\"24\" style=\"display: inline;width:24px;height:24px;margin: 0;padding: 0;border: none;box-shadow: none\" src=\"https:\/\/voyage-partage.fr\/wp-content\/plugins\/social-media-feather\/synved-social\/image\/social\/regular\/48x48\/tumblr.png\" \/><\/a><a class=\"synved-social-button synved-social-button-share synved-social-size-24 synved-social-resolution-hidef synved-social-provider-mail nolightbox\" data-provider=\"mail\" rel=\"nofollow\" title=\"Share by email\" href=\"mailto:?subject=Je%20cro%C3%BBle%20sous%20le%20travail&#038;body=Hey%20check%20this%20out:%20https%3A%2F%2Fvoyage-partage.fr%2Findex.php%2Fwp-json%2Fwp%2Fv2%2Fposts%2F1262\" style=\"font-size: 0px;width:24px;height:24px;margin:0;margin-bottom:2px\"><img loading=\"lazy\" decoding=\"async\" alt=\"mail\" title=\"Share by email\" class=\"synved-share-image synved-social-image synved-social-image-share\" width=\"24\" height=\"24\" style=\"display: inline;width:24px;height:24px;margin: 0;padding: 0;border: none;box-shadow: none\" src=\"https:\/\/voyage-partage.fr\/wp-content\/plugins\/social-media-feather\/synved-social\/image\/social\/regular\/48x48\/mail.png\" \/><\/a>","protected":false},"excerpt":{"rendered":"<p>Un petit point rapide sur l&rsquo;avanc\u00e9e du projet d&rsquo;expo. J&rsquo;essaye de vous donner des nouvelles tous les mercredis (oui on est vendredi, j&rsquo;ai dit j&rsquo;essaye&#8230;), une semaine sur deux. Mais j&rsquo;ai tellement de choses \u00e0 faire en m\u00eame temps que ce n&rsquo;est pas \u00e9vident. En fait, je n&rsquo;ai pas grand chose \u00e0 vous raconter. Vous [&hellip;]<\/p>\n","protected":false},"author":1,"featured_media":1266,"comment_status":"open","ping_status":"open","sticky":false,"template":"","format":"standard","meta":{"sfsi_plus_gutenberg_text_before_share":"","sfsi_plus_gutenberg_show_text_before_share":"","sfsi_plus_gutenberg_icon_type":"","sfsi_plus_gutenberg_icon_alignemt":"","sfsi_plus_gutenburg_max_per_row":"","_exactmetrics_skip_tracking":false,"_exactmetrics_sitenote_active":false,"_exactmetrics_sitenote_note":"","_exactmetrics_sitenote_category":0,"footnotes":""},"categories":[144,12,8],"tags":[287,289,285,176,286,29,288,137,89,270],"class_list":["post-1262","post","type-post","status-publish","format-standard","has-post-thumbnail","hentry","category-administration-du-site","category-lexpo","category-pendant-le-voyage","tag-collaboration","tag-communication","tag-crouler-sous-le-travail","tag-exposition","tag-institut-francais","tag-organisation","tag-partenariat","tag-projet","tag-voyage-partage","tag-zewail"],"post_mailing_queue_ids":[],"_links":{"self":[{"href":"https:\/\/voyage-partage.fr\/index.php\/wp-json\/wp\/v2\/posts\/1262","targetHints":{"allow":["GET"]}}],"collection":[{"href":"https:\/\/voyage-partage.fr\/index.php\/wp-json\/wp\/v2\/posts"}],"about":[{"href":"https:\/\/voyage-partage.fr\/index.php\/wp-json\/wp\/v2\/types\/post"}],"author":[{"embeddable":true,"href":"https:\/\/voyage-partage.fr\/index.php\/wp-json\/wp\/v2\/users\/1"}],"replies":[{"embeddable":true,"href":"https:\/\/voyage-partage.fr\/index.php\/wp-json\/wp\/v2\/comments?post=1262"}],"version-history":[{"count":6,"href":"https:\/\/voyage-partage.fr\/index.php\/wp-json\/wp\/v2\/posts\/1262\/revisions"}],"predecessor-version":[{"id":1448,"href":"https:\/\/voyage-partage.fr\/index.php\/wp-json\/wp\/v2\/posts\/1262\/revisions\/1448"}],"wp:featuredmedia":[{"embeddable":true,"href":"https:\/\/voyage-partage.fr\/index.php\/wp-json\/wp\/v2\/media\/1266"}],"wp:attachment":[{"href":"https:\/\/voyage-partage.fr\/index.php\/wp-json\/wp\/v2\/media?parent=1262"}],"wp:term":[{"taxonomy":"category","embeddable":true,"href":"https:\/\/voyage-partage.fr\/index.php\/wp-json\/wp\/v2\/categories?post=1262"},{"taxonomy":"post_tag","embeddable":true,"href":"https:\/\/voyage-partage.fr\/index.php\/wp-json\/wp\/v2\/tags?post=1262"}],"curies":[{"name":"wp","href":"https:\/\/api.w.org\/{rel}","templated":true}]}}