{"id":1979,"date":"2019-02-20T17:02:02","date_gmt":"2019-02-20T16:02:02","guid":{"rendered":"https:\/\/voyage-partage.fr\/?p=1979"},"modified":"2019-02-20T17:04:12","modified_gmt":"2019-02-20T16:04:12","slug":"date-dexpo","status":"publish","type":"post","link":"https:\/\/voyage-partage.fr\/index.php\/2019\/02\/20\/date-dexpo\/","title":{"rendered":"Date d&rsquo;expo"},"content":{"rendered":"\n<p>22 avril, c&rsquo;est la date qui a \u00e9t\u00e9 retenue par l&rsquo;Institut Fran\u00e7ais pour inaugurer l&rsquo;exposition. Le projet vient d&rsquo;\u00eatre valid\u00e9 par le conseiller fran\u00e7ais \u00e0 la t\u00eate de l&rsquo;Institut Fran\u00e7ais,&nbsp;Mohamed Bouabdallah et l&rsquo;exposition sera donc bien accueillie par l&rsquo;Institut Fran\u00e7ais&nbsp; jusqu&rsquo;au moins mi-mai.<\/p>\n\n\n\n<p>Excellente nouvelle donc qui vient r\u00e9compenser tout le travail avanc\u00e9 jusque-l\u00e0.&nbsp;<\/p>\n\n\n<p>Quant au contenu, il est presque boucl\u00e9. Ne reste plus qu&rsquo;\u00e0 bosser sur le design.<\/p><a class=\"synved-social-button synved-social-button-share synved-social-size-24 synved-social-resolution-normal synved-social-provider-facebook nolightbox\" data-provider=\"facebook\" target=\"_blank\" rel=\"nofollow\" title=\"Share on Facebook\" href=\"https:\/\/www.facebook.com\/sharer.php?u=https%3A%2F%2Fvoyage-partage.fr%2Findex.php%2Fwp-json%2Fwp%2Fv2%2Fposts%2F1979&#038;t=Date%20d%E2%80%99expo&#038;s=100&#038;p&#091;url&#093;=https%3A%2F%2Fvoyage-partage.fr%2Findex.php%2Fwp-json%2Fwp%2Fv2%2Fposts%2F1979&#038;p&#091;images&#093;&#091;0&#093;=https%3A%2F%2Fvoyage-partage.fr%2Fwp-content%2Fuploads%2F2019%2F02%2Fbanner.jpg&#038;p&#091;title&#093;=Date%20d%E2%80%99expo\" style=\"font-size: 0px;width:24px;height:24px;margin:0;margin-bottom:2px;margin-right:2px\"><img loading=\"lazy\" decoding=\"async\" alt=\"Facebook\" title=\"Share on Facebook\" class=\"synved-share-image synved-social-image synved-social-image-share\" width=\"24\" height=\"24\" style=\"display: inline;width:24px;height:24px;margin: 0;padding: 0;border: none;box-shadow: none\" src=\"https:\/\/voyage-partage.fr\/wp-content\/plugins\/social-media-feather\/synved-social\/image\/social\/regular\/24x24\/facebook.png\" \/><\/a><a class=\"synved-social-button synved-social-button-share synved-social-size-24 synved-social-resolution-normal synved-social-provider-twitter nolightbox\" data-provider=\"twitter\" target=\"_blank\" rel=\"nofollow\" title=\"Share on Twitter\" href=\"https:\/\/twitter.com\/intent\/tweet?url=https%3A%2F%2Fvoyage-partage.fr%2Findex.php%2Fwp-json%2Fwp%2Fv2%2Fposts%2F1979&#038;text=Hey%20check%20this%20out\" style=\"font-size: 0px;width:24px;height:24px;margin:0;margin-bottom:2px;margin-right:2px\"><img loading=\"lazy\" decoding=\"async\" alt=\"twitter\" title=\"Share on Twitter\" class=\"synved-share-image synved-social-image synved-social-image-share\" width=\"24\" height=\"24\" style=\"display: inline;width:24px;height:24px;margin: 0;padding: 0;border: none;box-shadow: none\" src=\"https:\/\/voyage-partage.fr\/wp-content\/plugins\/social-media-feather\/synved-social\/image\/social\/regular\/24x24\/twitter.png\" \/><\/a><a class=\"synved-social-button synved-social-button-share synved-social-size-24 synved-social-resolution-normal synved-social-provider-reddit nolightbox\" data-provider=\"reddit\" target=\"_blank\" rel=\"nofollow\" title=\"Share on Reddit\" href=\"https:\/\/www.reddit.com\/submit?url=https%3A%2F%2Fvoyage-partage.fr%2Findex.php%2Fwp-json%2Fwp%2Fv2%2Fposts%2F1979&#038;title=Date%20d%E2%80%99expo\" style=\"font-size: 0px;width:24px;height:24px;margin:0;margin-bottom:2px;margin-right:2px\"><img loading=\"lazy\" decoding=\"async\" alt=\"reddit\" title=\"Share on Reddit\" class=\"synved-share-image synved-social-image synved-social-image-share\" width=\"24\" height=\"24\" style=\"display: inline;width:24px;height:24px;margin: 0;padding: 0;border: none;box-shadow: none\" src=\"https:\/\/voyage-partage.fr\/wp-content\/plugins\/social-media-feather\/synved-social\/image\/social\/regular\/24x24\/reddit.png\" \/><\/a><a class=\"synved-social-button synved-social-button-share synved-social-size-24 synved-social-resolution-normal synved-social-provider-linkedin nolightbox\" data-provider=\"linkedin\" target=\"_blank\" rel=\"nofollow\" title=\"Share on Linkedin\" href=\"https:\/\/www.linkedin.com\/shareArticle?mini=true&#038;url=https%3A%2F%2Fvoyage-partage.fr%2Findex.php%2Fwp-json%2Fwp%2Fv2%2Fposts%2F1979&#038;title=Date%20d%E2%80%99expo\" style=\"font-size: 0px;width:24px;height:24px;margin:0;margin-bottom:2px;margin-right:2px\"><img loading=\"lazy\" decoding=\"async\" alt=\"linkedin\" title=\"Share on Linkedin\" class=\"synved-share-image synved-social-image synved-social-image-share\" width=\"24\" height=\"24\" style=\"display: inline;width:24px;height:24px;margin: 0;padding: 0;border: none;box-shadow: none\" src=\"https:\/\/voyage-partage.fr\/wp-content\/plugins\/social-media-feather\/synved-social\/image\/social\/regular\/24x24\/linkedin.png\" \/><\/a><a class=\"synved-social-button synved-social-button-share synved-social-size-24 synved-social-resolution-normal synved-social-provider-tumblr nolightbox\" data-provider=\"tumblr\" target=\"_blank\" rel=\"nofollow\" title=\"Share on tumblr\" href=\"https:\/\/tumblr.com\/share?s=&#038;v=3&#038;t=Date%20d%E2%80%99expo&#038;u=https%3A%2F%2Fvoyage-partage.fr%2Findex.php%2Fwp-json%2Fwp%2Fv2%2Fposts%2F1979\" style=\"font-size: 0px;width:24px;height:24px;margin:0;margin-bottom:2px;margin-right:2px\"><img loading=\"lazy\" decoding=\"async\" alt=\"tumblr\" title=\"Share on tumblr\" class=\"synved-share-image synved-social-image synved-social-image-share\" width=\"24\" height=\"24\" style=\"display: inline;width:24px;height:24px;margin: 0;padding: 0;border: none;box-shadow: none\" src=\"https:\/\/voyage-partage.fr\/wp-content\/plugins\/social-media-feather\/synved-social\/image\/social\/regular\/24x24\/tumblr.png\" \/><\/a><a class=\"synved-social-button synved-social-button-share synved-social-size-24 synved-social-resolution-normal synved-social-provider-mail nolightbox\" data-provider=\"mail\" rel=\"nofollow\" title=\"Share by email\" href=\"mailto:?subject=Date%20d%E2%80%99expo&#038;body=Hey%20check%20this%20out:%20https%3A%2F%2Fvoyage-partage.fr%2Findex.php%2Fwp-json%2Fwp%2Fv2%2Fposts%2F1979\" style=\"font-size: 0px;width:24px;height:24px;margin:0;margin-bottom:2px\"><img loading=\"lazy\" decoding=\"async\" alt=\"mail\" title=\"Share by email\" class=\"synved-share-image synved-social-image synved-social-image-share\" width=\"24\" height=\"24\" style=\"display: inline;width:24px;height:24px;margin: 0;padding: 0;border: none;box-shadow: none\" src=\"https:\/\/voyage-partage.fr\/wp-content\/plugins\/social-media-feather\/synved-social\/image\/social\/regular\/24x24\/mail.png\" \/><\/a><a class=\"synved-social-button synved-social-button-share synved-social-size-24 synved-social-resolution-hidef synved-social-provider-facebook nolightbox\" data-provider=\"facebook\" target=\"_blank\" rel=\"nofollow\" title=\"Share on Facebook\" href=\"https:\/\/www.facebook.com\/sharer.php?u=https%3A%2F%2Fvoyage-partage.fr%2Findex.php%2Fwp-json%2Fwp%2Fv2%2Fposts%2F1979&#038;t=Date%20d%E2%80%99expo&#038;s=100&#038;p&#091;url&#093;=https%3A%2F%2Fvoyage-partage.fr%2Findex.php%2Fwp-json%2Fwp%2Fv2%2Fposts%2F1979&#038;p&#091;images&#093;&#091;0&#093;=https%3A%2F%2Fvoyage-partage.fr%2Fwp-content%2Fuploads%2F2019%2F02%2Fbanner.jpg&#038;p&#091;title&#093;=Date%20d%E2%80%99expo\" style=\"font-size: 0px;width:24px;height:24px;margin:0;margin-bottom:2px;margin-right:2px\"><img loading=\"lazy\" decoding=\"async\" alt=\"Facebook\" title=\"Share on Facebook\" class=\"synved-share-image synved-social-image synved-social-image-share\" width=\"24\" height=\"24\" style=\"display: inline;width:24px;height:24px;margin: 0;padding: 0;border: none;box-shadow: none\" src=\"https:\/\/voyage-partage.fr\/wp-content\/plugins\/social-media-feather\/synved-social\/image\/social\/regular\/48x48\/facebook.png\" \/><\/a><a class=\"synved-social-button synved-social-button-share synved-social-size-24 synved-social-resolution-hidef synved-social-provider-twitter nolightbox\" data-provider=\"twitter\" target=\"_blank\" rel=\"nofollow\" title=\"Share on Twitter\" href=\"https:\/\/twitter.com\/intent\/tweet?url=https%3A%2F%2Fvoyage-partage.fr%2Findex.php%2Fwp-json%2Fwp%2Fv2%2Fposts%2F1979&#038;text=Hey%20check%20this%20out\" style=\"font-size: 0px;width:24px;height:24px;margin:0;margin-bottom:2px;margin-right:2px\"><img loading=\"lazy\" decoding=\"async\" alt=\"twitter\" title=\"Share on Twitter\" class=\"synved-share-image synved-social-image synved-social-image-share\" width=\"24\" height=\"24\" style=\"display: inline;width:24px;height:24px;margin: 0;padding: 0;border: none;box-shadow: none\" src=\"https:\/\/voyage-partage.fr\/wp-content\/plugins\/social-media-feather\/synved-social\/image\/social\/regular\/48x48\/twitter.png\" \/><\/a><a class=\"synved-social-button synved-social-button-share synved-social-size-24 synved-social-resolution-hidef synved-social-provider-reddit nolightbox\" data-provider=\"reddit\" target=\"_blank\" rel=\"nofollow\" title=\"Share on Reddit\" href=\"https:\/\/www.reddit.com\/submit?url=https%3A%2F%2Fvoyage-partage.fr%2Findex.php%2Fwp-json%2Fwp%2Fv2%2Fposts%2F1979&#038;title=Date%20d%E2%80%99expo\" style=\"font-size: 0px;width:24px;height:24px;margin:0;margin-bottom:2px;margin-right:2px\"><img loading=\"lazy\" decoding=\"async\" alt=\"reddit\" title=\"Share on Reddit\" class=\"synved-share-image synved-social-image synved-social-image-share\" width=\"24\" height=\"24\" style=\"display: inline;width:24px;height:24px;margin: 0;padding: 0;border: none;box-shadow: none\" src=\"https:\/\/voyage-partage.fr\/wp-content\/plugins\/social-media-feather\/synved-social\/image\/social\/regular\/48x48\/reddit.png\" \/><\/a><a class=\"synved-social-button synved-social-button-share synved-social-size-24 synved-social-resolution-hidef synved-social-provider-linkedin nolightbox\" data-provider=\"linkedin\" target=\"_blank\" rel=\"nofollow\" title=\"Share on Linkedin\" href=\"https:\/\/www.linkedin.com\/shareArticle?mini=true&#038;url=https%3A%2F%2Fvoyage-partage.fr%2Findex.php%2Fwp-json%2Fwp%2Fv2%2Fposts%2F1979&#038;title=Date%20d%E2%80%99expo\" style=\"font-size: 0px;width:24px;height:24px;margin:0;margin-bottom:2px;margin-right:2px\"><img loading=\"lazy\" decoding=\"async\" alt=\"linkedin\" title=\"Share on Linkedin\" class=\"synved-share-image synved-social-image synved-social-image-share\" width=\"24\" height=\"24\" style=\"display: inline;width:24px;height:24px;margin: 0;padding: 0;border: none;box-shadow: none\" src=\"https:\/\/voyage-partage.fr\/wp-content\/plugins\/social-media-feather\/synved-social\/image\/social\/regular\/48x48\/linkedin.png\" \/><\/a><a class=\"synved-social-button synved-social-button-share synved-social-size-24 synved-social-resolution-hidef synved-social-provider-tumblr nolightbox\" data-provider=\"tumblr\" target=\"_blank\" rel=\"nofollow\" title=\"Share on tumblr\" href=\"https:\/\/tumblr.com\/share?s=&#038;v=3&#038;t=Date%20d%E2%80%99expo&#038;u=https%3A%2F%2Fvoyage-partage.fr%2Findex.php%2Fwp-json%2Fwp%2Fv2%2Fposts%2F1979\" style=\"font-size: 0px;width:24px;height:24px;margin:0;margin-bottom:2px;margin-right:2px\"><img loading=\"lazy\" decoding=\"async\" alt=\"tumblr\" title=\"Share on tumblr\" class=\"synved-share-image synved-social-image synved-social-image-share\" width=\"24\" height=\"24\" style=\"display: inline;width:24px;height:24px;margin: 0;padding: 0;border: none;box-shadow: none\" src=\"https:\/\/voyage-partage.fr\/wp-content\/plugins\/social-media-feather\/synved-social\/image\/social\/regular\/48x48\/tumblr.png\" \/><\/a><a class=\"synved-social-button synved-social-button-share synved-social-size-24 synved-social-resolution-hidef synved-social-provider-mail nolightbox\" data-provider=\"mail\" rel=\"nofollow\" title=\"Share by email\" href=\"mailto:?subject=Date%20d%E2%80%99expo&#038;body=Hey%20check%20this%20out:%20https%3A%2F%2Fvoyage-partage.fr%2Findex.php%2Fwp-json%2Fwp%2Fv2%2Fposts%2F1979\" style=\"font-size: 0px;width:24px;height:24px;margin:0;margin-bottom:2px\"><img loading=\"lazy\" decoding=\"async\" alt=\"mail\" title=\"Share by email\" class=\"synved-share-image synved-social-image synved-social-image-share\" width=\"24\" height=\"24\" style=\"display: inline;width:24px;height:24px;margin: 0;padding: 0;border: none;box-shadow: none\" src=\"https:\/\/voyage-partage.fr\/wp-content\/plugins\/social-media-feather\/synved-social\/image\/social\/regular\/48x48\/mail.png\" \/><\/a>","protected":false},"excerpt":{"rendered":"<p>22 avril, c&rsquo;est la date qui a \u00e9t\u00e9 retenue par l&rsquo;Institut Fran\u00e7ais pour inaugurer l&rsquo;exposition. Le projet vient d&rsquo;\u00eatre valid\u00e9 par le conseiller fran\u00e7ais \u00e0 la t\u00eate de l&rsquo;Institut Fran\u00e7ais,&nbsp;Mohamed Bouabdallah et l&rsquo;exposition sera donc bien accueillie par l&rsquo;Institut Fran\u00e7ais&nbsp; jusqu&rsquo;au moins mi-mai. Excellente nouvelle donc qui vient r\u00e9compenser tout le travail avanc\u00e9 jusque-l\u00e0.&nbsp; Quant [&hellip;]<\/p>\n","protected":false},"author":1,"featured_media":1989,"comment_status":"open","ping_status":"open","sticky":false,"template":"","format":"standard","meta":{"sfsi_plus_gutenberg_text_before_share":"","sfsi_plus_gutenberg_show_text_before_share":"","sfsi_plus_gutenberg_icon_type":"","sfsi_plus_gutenberg_icon_alignemt":"","sfsi_plus_gutenburg_max_per_row":"","_exactmetrics_skip_tracking":false,"_exactmetrics_sitenote_active":false,"_exactmetrics_sitenote_note":"","_exactmetrics_sitenote_category":0,"footnotes":""},"categories":[42],"tags":[781,779,176,777,286],"class_list":["post-1979","post","type-post","status-publish","format-standard","has-post-thumbnail","hentry","category-ca-cest-fait","tag-date","tag-expo","tag-exposition","tag-inauguration","tag-institut-francais"],"post_mailing_queue_ids":[],"_links":{"self":[{"href":"https:\/\/voyage-partage.fr\/index.php\/wp-json\/wp\/v2\/posts\/1979","targetHints":{"allow":["GET"]}}],"collection":[{"href":"https:\/\/voyage-partage.fr\/index.php\/wp-json\/wp\/v2\/posts"}],"about":[{"href":"https:\/\/voyage-partage.fr\/index.php\/wp-json\/wp\/v2\/types\/post"}],"author":[{"embeddable":true,"href":"https:\/\/voyage-partage.fr\/index.php\/wp-json\/wp\/v2\/users\/1"}],"replies":[{"embeddable":true,"href":"https:\/\/voyage-partage.fr\/index.php\/wp-json\/wp\/v2\/comments?post=1979"}],"version-history":[{"count":4,"href":"https:\/\/voyage-partage.fr\/index.php\/wp-json\/wp\/v2\/posts\/1979\/revisions"}],"predecessor-version":[{"id":1986,"href":"https:\/\/voyage-partage.fr\/index.php\/wp-json\/wp\/v2\/posts\/1979\/revisions\/1986"}],"wp:featuredmedia":[{"embeddable":true,"href":"https:\/\/voyage-partage.fr\/index.php\/wp-json\/wp\/v2\/media\/1989"}],"wp:attachment":[{"href":"https:\/\/voyage-partage.fr\/index.php\/wp-json\/wp\/v2\/media?parent=1979"}],"wp:term":[{"taxonomy":"category","embeddable":true,"href":"https:\/\/voyage-partage.fr\/index.php\/wp-json\/wp\/v2\/categories?post=1979"},{"taxonomy":"post_tag","embeddable":true,"href":"https:\/\/voyage-partage.fr\/index.php\/wp-json\/wp\/v2\/tags?post=1979"}],"curies":[{"name":"wp","href":"https:\/\/api.w.org\/{rel}","templated":true}]}}